{"id":4808,"date":"2019-06-19T11:33:13","date_gmt":"2019-06-19T11:33:13","guid":{"rendered":"http:\/\/visitcastelliromani.valica.it\/?p=4808"},"modified":"2024-09-26T07:25:05","modified_gmt":"2024-09-26T07:25:05","slug":"o-territorio-e-o-ambiente-de-colli-albani","status":"publish","type":"post","link":"https:\/\/www.visitcastelliromani.it\/pt-br\/nao-categorizado\/o-territorio-e-o-ambiente-de-colli-albani\/","title":{"rendered":"O territorio e o ambiente de Colli Albani"},"content":{"rendered":"<p>&nbsp;<\/p>\n<p>Do ponto de vista geol\u00f3gico, os Colli Albani formam o resto do antigo Vulcano Laziale (Vulc\u00e3o do L\u00e1cio), formado-se no curso dum comprid\u00edssimo per\u00edodo inclu\u00eddo entre os 630.000 e os 20.000 anos atr\u00e1s, com um processo que podr\u00edamos dividir em tr\u00eas fases sucessivas:<\/p>\n<p>No princ\u00edpio, uma intensa atividade eruptiva formou um imponente cone vulc\u00e2nico, cuja base alcan\u00e7ava os 60 quil\u00f3metros de di\u00e2metro; sucessivamente a margem superior da cratera deste enorme vulc\u00e3o desabou, originando a ampla &#8220;caldeira&#8221; da qual hoje se conservam as margens do Nordeste (montes Tuscolani e do Artemisio);<\/p>\n<p>depois dum longo per\u00edodo de pausa, a atividade eruptiva recome\u00e7ou dando origem, no interior da caldeira, a um cone vulc\u00e2nico mais pequeno, cuja cratera central forma hoje os chamados &#8220;Campi di Annibale&#8221; (Campos de Hannibal)&#8221;, por\u00e9m outros dois cones secund\u00e1rios originaram os atuais Monte Cavo e Colle Iano;<\/p>\n<p>finalmente, uma \u00faltima fase (chamada hidromagm\u00e1tica porque consiste em violentas explos\u00f5es causadas pelo contacto dos len\u00e7\u00f3is de \u00e1gua subterr\u00e2neos com bolsas residuais de magma incandescente) originou, ao longo da margem sudoeste da caldeira origin\u00e1ria, outras crateras que depois se tornaram em lagos vulc\u00e2nicos; destes, s\u00f3 dois se conservam atualmente (os lagos de Nemi e Albano), por\u00e9m o resto foram secados formando hoje vales agr\u00edcolas (Prata Porci, Pantano Secco, Valle Marciana, Laghetto, Vallericcia).<br \/>\nA excurs\u00e3o altim\u00e9trica do territ\u00f3rio de Colli Albani varia entre os 47 m. NMM (no Munic\u00edpio de Montecompatri) e os 956 m. NMM (Maschio delle Faete no Munic\u00edpio de Rocca di Papa), com um predom\u00ednio dos munic\u00edpios situados a n\u00edvel das colinas, ou seja entre 300 e 700 m. NMM.<\/p>\n<p>At\u00e9 o s\u00e9culo XVII, as esp\u00e9cies florestais espont\u00e2neas que dominavam sem oposi\u00e7\u00e3o no territ\u00f3rio de Colli Albani, segundo \u00e0s faixas altim\u00e9tricas, eram:<\/p>\n<ul>\n<li>o Bolotal, caracter\u00edstico da faixa da vegeta\u00e7\u00e3o mediterr\u00e2nea, que chega at\u00e9 a uma altitude de 200-300 m. NMM;<\/li>\n<li>o Robledo, t\u00edpico da faixa da vegeta\u00e7\u00e3o submediterr\u00e2nea que chega at\u00e9 a uma altitude de 400-500 m. NMM;<\/li>\n<li>o Bosque Misturado de Latifoliada Q.T.A., ou seja Querce (carvalhos), Tigli (t\u00edlias) e Aceri (\u00e1ceres), t\u00edpico da faixa da vegeta\u00e7\u00e3o submontanhosa que chega at\u00e9 a uma altitude de 700-800 m. NMM;<\/li>\n<li>o Faial, caracter\u00edstico da faixa da vegeta\u00e7\u00e3o de montanha, acima dos 800 m. NMM.<\/li>\n<\/ul>\n<p>Portanto os vastos bosques de castanheiro que atualmente cobrem os relevos de Colli Albani n\u00e3o formam uma vegeta\u00e7\u00e3o end\u00e9mica da zona, mas s\u00e3o o fruto do cont\u00ednuo processo de antropiza\u00e7\u00e3o que interessou este territ\u00f3rio desde as origens da coloniza\u00e7\u00e3o humana, mas que se intensificou fortemente no curso dos \u00faltimos tr\u00eas s\u00e9culos.<\/p>\n<p>De facto a interven\u00e7\u00e3o humana provocou a gradual substitui\u00e7\u00e3o destas florestas espont\u00e2neas com cultivos de evidente interesse econ\u00f3mico:<\/p>\n<ul>\n<li>Vinhedo e olival nas faixas altim\u00e9tricas at\u00e9 os 400-500 m. NMM, em substitui\u00e7\u00e3o do bolotal e do robledo;<\/li>\n<li>Castanhal, cultivado a tala baixa , nas faixas altim\u00e9tricas superiores, em substitui\u00e7\u00e3o do bosque Misturado Q.T.A. e do faial.<\/li>\n<\/ul>\n<p>Manchas residuais da vegeta\u00e7\u00e3o arborizada aut\u00f3ctone s\u00e3o detet\u00e1veis em v\u00e1rios Munic\u00edpios de Castelli Romani. As mais importantes desses s\u00e3o:<\/p>\n<ul>\n<li>o Bosque dei Cappuccini (dos Capucinhos) e Lago Albano (Albano Laziale)<\/li>\n<li>o Parque de Villa Chigi (Ariccia)<\/li>\n<li>a Mancha dello Sterparo (Frascati)<\/li>\n<li>o Bosque della Madonnella (Grottaferrata)<\/li>\n<li>o Bosque Ferentano e o Parque Colonna (Marino)<\/li>\n<li>a Mancha del Piantato (Monte Compatri)<\/li>\n<li>o Bosque del Lago de Nemi e Vallone Tempesta (Nemi)<\/li>\n<li>os Bosques di Monte Cavo e o Maschio delle Faete (Rocca di Papa)<\/li>\n<li>o Bosque del Cerquone (Rocca Priora)<\/li>\n<li>os Bosques dell&#8217;Artemisio e o Maschio d&#8217;Ariano (Velletri)<\/li>\n<\/ul>\n<p>Rica e interessante \u00e9 a FAUNA que povoa o territ\u00f3rio dos Castelli Romani.<\/p>\n<p>A classe animal mais representada na regi\u00e3o s\u00e3o as Aves, com mais de uma centena de esp\u00e9cies, que pertencem a v\u00e1rias ordens diferentes, entre as quais a dos passeriformes que \u00e9 sem d\u00favida a mais abundante com numerosas fam\u00edlias: chapins, pintarroxos, alv\u00e9olas-brancas, toutinegras, tentilh\u00e3os-comuns, rabirruivos-de-testa-branca, estrelinhas-de-poupa, carri\u00e7as, pintassilgos, chapins-rabilongos, trapadeiras-azuis, lavercas, melros-pretos, estorninhos-comuns, andorinhas, papa-figos, gralhas-pretas, gaios-comuns, pegas-rubadas&#8230;para mencionar s\u00f3 aquelas que mais facilmente se podem observar!<\/p>\n<p>Mas dignas de nota s\u00e3o tamb\u00e9m as esp\u00e9cies que pertencem a outras ordens e fam\u00edlias, como por exemplo as codornizes-comuns, as perdizes-cinzentas, as galinholas, os pica-pau-verdes, os pica-pau-amarelos, as poupas-eur\u00e1sticas, os cucos-canoros.<\/p>\n<p>Sem esquecer a abundante avifauna aqu\u00e1tica de passo que visita as beiras e as \u00e1guas dos lagos de Nemi e Albano: os patos reais, os galeir\u00f5es, os zarros, os mergulh\u00f5es-de-pesco\u00e7o, os cormor\u00f5es, as galhetas.<\/p>\n<p>Por fim, numerosos e interessantes, s\u00e3o as aves de rapina, seja diurnas (minhotos, peneireiro-vulgar, gavi\u00e3o-da-europa) seja noturnas (mocho-galego, coruja-das-torres, coruja-pequena, coruja-do-mato, mocho-d&#8217;orelhas).<\/p>\n<p>Entre os mam\u00edferos selvagens que habitam os bosques e os campos de Colli Albani, assinalamos (sem pretens\u00e3o de sermos exaustivos) o javali, a raposa, a fuinha, a doninha an\u00e3, o texugo-europeu, o ouri\u00e7o, o porco-espinho, a lebre, o arganaz, a toupeira, a ratazana, o musaranho, o morcego, o esquilo, o arganaz.<\/p>\n<p>Por fim, recordamos, entre os numerosos r\u00e9pteis, os vistosos lagartos, a assustadora v\u00edbora, as in\u00f3cuas cobras-de-\u00e1gua e cobras. Por\u00e9m entre os anf\u00edbios s\u00e3o dignas de nota algumas esp\u00e9cies raras que habitam o Pantano della Doganella (Rocca Priora): a salamandra-de-fogo, a salamandrina terdigitata, o trit\u00e3o-comun, o trit\u00e3o-de-crista.<\/p>\n","protected":false},"excerpt":{"rendered":"<p>&nbsp; Do ponto de vista geol\u00f3gico, os Colli Albani formam o resto do antigo Vulcano Laziale (Vulc\u00e3o do L\u00e1cio), formado-se no curso dum comprid\u00edssimo per\u00edodo inclu\u00eddo entre os 630.000 e os 20.000 anos atr\u00e1s, com um processo que podr\u00edamos dividir em tr\u00eas fases sucessivas: No princ\u00edpio, uma intensa atividade eruptiva formou um imponente cone vulc\u00e2nico, cuja base alcan\u00e7ava os 60 &hellip;<\/p>\n","protected":false},"author":10,"featured_media":4809,"comment_status":"closed","ping_status":"closed","sticky":false,"template":"","format":"standard","meta":{"footnotes":""},"categories":[295],"tags":[],"_links":{"self":[{"href":"https:\/\/www.visitcastelliromani.it\/pt-br\/wp-json\/wp\/v2\/posts\/4808"}],"collection":[{"href":"https:\/\/www.visitcastelliromani.it\/pt-br\/wp-json\/wp\/v2\/posts"}],"about":[{"href":"https:\/\/www.visitcastelliromani.it\/pt-br\/wp-json\/wp\/v2\/types\/post"}],"author":[{"embeddable":true,"href":"https:\/\/www.visitcastelliromani.it\/pt-br\/wp-json\/wp\/v2\/users\/10"}],"replies":[{"embeddable":true,"href":"https:\/\/www.visitcastelliromani.it\/pt-br\/wp-json\/wp\/v2\/comments?post=4808"}],"version-history":[{"count":3,"href":"https:\/\/www.visitcastelliromani.it\/pt-br\/wp-json\/wp\/v2\/posts\/4808\/revisions"}],"predecessor-version":[{"id":24943,"href":"https:\/\/www.visitcastelliromani.it\/pt-br\/wp-json\/wp\/v2\/posts\/4808\/revisions\/24943"}],"wp:featuredmedia":[{"embeddable":true,"href":"https:\/\/www.visitcastelliromani.it\/pt-br\/wp-json\/wp\/v2\/media\/4809"}],"wp:attachment":[{"href":"https:\/\/www.visitcastelliromani.it\/pt-br\/wp-json\/wp\/v2\/media?parent=4808"}],"wp:term":[{"taxonomy":"category","embeddable":true,"href":"https:\/\/www.visitcastelliromani.it\/pt-br\/wp-json\/wp\/v2\/categories?post=4808"},{"taxonomy":"post_tag","embeddable":true,"href":"https:\/\/www.visitcastelliromani.it\/pt-br\/wp-json\/wp\/v2\/tags?post=4808"}],"curies":[{"name":"wp","href":"https:\/\/api.w.org\/{rel}","templated":true}]}}